{"id":1992,"date":"2018-05-31T15:12:49","date_gmt":"2018-05-31T13:12:49","guid":{"rendered":"https:\/\/famille-aylf.fr\/?p=1992"},"modified":"2018-06-05T14:14:54","modified_gmt":"2018-06-05T12:14:54","slug":"six-enfants-sortent-leur-premier-journal-la-presse-a-malice","status":"publish","type":"post","link":"https:\/\/famille-aylf.fr\/index.php\/2018\/05\/31\/six-enfants-sortent-leur-premier-journal-la-presse-a-malice\/","title":{"rendered":"Six enfants sortent leur premier journal, La Presse \u00e0 Malice"},"content":{"rendered":"<h5 style=\"text-align: justify;\">Deux ann\u00e9es de collaboration avec la Communaut\u00e9 de Communes du Vimeu Industriel ont permis \u00e0 six jeunes de l\u2019AEMO Picardie Maritime de d\u00e9velopper un Atelier d\u2019Ecriture et r\u00e9aliser leur premier journal \u00ab La Presse \u00e0 Malice \u00bb.\u00a0 Encadr\u00e9s par une \u00e9ducatrice sp\u00e9cialis\u00e9e et une m\u00e9diatrice du livre, ils ont d\u00e9velopp\u00e9 un projet collectif sur le \u00ab Vivre Ensemble \u00bb et sont d\u00e9j\u00e0 en pr\u00e9paration d\u2019une seconde \u00e9dition&#8230;<\/h5>\n<p>&nbsp;<\/p>\n<p><img loading=\"lazy\" decoding=\"async\" data-attachment-id=\"1994\" data-permalink=\"https:\/\/famille-aylf.fr\/index.php\/2018\/05\/31\/six-enfants-sortent-leur-premier-journal-la-presse-a-malice\/article-journal-la-presse-a-malice\/\" data-orig-file=\"https:\/\/famille-aylf.fr\/wp-content\/uploads\/2018\/05\/Article-journal-La-presse-\u00e0-Malice.jpg\" data-orig-size=\"2133,2032\" data-comments-opened=\"1\" data-image-meta=\"{&quot;aperture&quot;:&quot;0&quot;,&quot;credit&quot;:&quot;&quot;,&quot;camera&quot;:&quot;&quot;,&quot;caption&quot;:&quot;&quot;,&quot;created_timestamp&quot;:&quot;0&quot;,&quot;copyright&quot;:&quot;&quot;,&quot;focal_length&quot;:&quot;0&quot;,&quot;iso&quot;:&quot;0&quot;,&quot;shutter_speed&quot;:&quot;0&quot;,&quot;title&quot;:&quot;&quot;,&quot;orientation&quot;:&quot;0&quot;}\" data-image-title=\"Article-journal&amp;#8212;La-presse-\u00e0-Malice\" data-image-description=\"\" data-image-caption=\"\" data-large-file=\"https:\/\/famille-aylf.fr\/wp-content\/uploads\/2018\/05\/Article-journal-La-presse-\u00e0-Malice-1024x976.jpg\" class=\"alignnone size-large wp-image-1994\" src=\"https:\/\/famille-aylf.fr\/wp-content\/uploads\/2018\/05\/Article-journal-La-presse-\u00e0-Malice-1024x976.jpg\" alt=\"\" width=\"1024\" height=\"976\" srcset=\"https:\/\/famille-aylf.fr\/wp-content\/uploads\/2018\/05\/Article-journal-La-presse-\u00e0-Malice-1024x976.jpg 1024w, https:\/\/famille-aylf.fr\/wp-content\/uploads\/2018\/05\/Article-journal-La-presse-\u00e0-Malice-300x286.jpg 300w, https:\/\/famille-aylf.fr\/wp-content\/uploads\/2018\/05\/Article-journal-La-presse-\u00e0-Malice-768x732.jpg 768w, https:\/\/famille-aylf.fr\/wp-content\/uploads\/2018\/05\/Article-journal-La-presse-\u00e0-Malice-1080x1029.jpg 1080w, https:\/\/famille-aylf.fr\/wp-content\/uploads\/2018\/05\/Article-journal-La-presse-\u00e0-Malice-84x80.jpg 84w\" sizes=\"auto, (max-width: 1024px) 100vw, 1024px\" \/><\/p>\n<hr \/>\n<p><a href=\"https:\/\/famille-aylf.fr\/wp-content\/uploads\/2018\/05\/Article-journal-La-presse-\u00e0-Malice.pdf\">Article journal &#8211; La presse \u00e0 Malice<\/a><\/p>\n","protected":false},"excerpt":{"rendered":"<p>Deux ann\u00e9es de collaboration avec la Communaut\u00e9 de Communes du Vimeu Industriel ont permis \u00e0 six jeunes de l\u2019AEMO Picardie Maritime de d\u00e9velopper un Atelier d\u2019Ecriture et r\u00e9aliser leur premier journal \u00ab La Presse \u00e0 Malice \u00bb.\u00a0 Encadr\u00e9s par une \u00e9ducatrice sp\u00e9cialis\u00e9e et une m\u00e9diatrice du livre, ils ont d\u00e9velopp\u00e9 un projet collectif sur le [&hellip;]<\/p>\n","protected":false},"author":1,"featured_media":1997,"comment_status":"open","ping_status":"open","sticky":false,"template":"","format":"standard","meta":{"_acf_changed":false,"_et_pb_use_builder":"","_et_pb_old_content":"","_et_gb_content_width":"","inline_featured_image":false,"jetpack_post_was_ever_published":false,"footnotes":"","jetpack_publicize_message":"","jetpack_publicize_feature_enabled":true,"jetpack_social_post_already_shared":true,"jetpack_social_options":{"image_generator_settings":{"template":"highway","default_image_id":0,"font":"","enabled":false},"version":2}},"categories":[21],"tags":[],"class_list":["post-1992","post","type-post","status-publish","format-standard","has-post-thumbnail","hentry","category-aemo"],"acf":[],"jetpack_publicize_connections":[],"jetpack_featured_media_url":"https:\/\/famille-aylf.fr\/wp-content\/uploads\/2018\/05\/journal.jpg","jetpack_shortlink":"https:\/\/wp.me\/p8kEsP-w8","_links":{"self":[{"href":"https:\/\/famille-aylf.fr\/index.php\/wp-json\/wp\/v2\/posts\/1992","targetHints":{"allow":["GET"]}}],"collection":[{"href":"https:\/\/famille-aylf.fr\/index.php\/wp-json\/wp\/v2\/posts"}],"about":[{"href":"https:\/\/famille-aylf.fr\/index.php\/wp-json\/wp\/v2\/types\/post"}],"author":[{"embeddable":true,"href":"https:\/\/famille-aylf.fr\/index.php\/wp-json\/wp\/v2\/users\/1"}],"replies":[{"embeddable":true,"href":"https:\/\/famille-aylf.fr\/index.php\/wp-json\/wp\/v2\/comments?post=1992"}],"version-history":[{"count":4,"href":"https:\/\/famille-aylf.fr\/index.php\/wp-json\/wp\/v2\/posts\/1992\/revisions"}],"predecessor-version":[{"id":2006,"href":"https:\/\/famille-aylf.fr\/index.php\/wp-json\/wp\/v2\/posts\/1992\/revisions\/2006"}],"wp:featuredmedia":[{"embeddable":true,"href":"https:\/\/famille-aylf.fr\/index.php\/wp-json\/wp\/v2\/media\/1997"}],"wp:attachment":[{"href":"https:\/\/famille-aylf.fr\/index.php\/wp-json\/wp\/v2\/media?parent=1992"}],"wp:term":[{"taxonomy":"category","embeddable":true,"href":"https:\/\/famille-aylf.fr\/index.php\/wp-json\/wp\/v2\/categories?post=1992"},{"taxonomy":"post_tag","embeddable":true,"href":"https:\/\/famille-aylf.fr\/index.php\/wp-json\/wp\/v2\/tags?post=1992"}],"curies":[{"name":"wp","href":"https:\/\/api.w.org\/{rel}","templated":true}]}}